{"id":51513,"date":"2024-12-20T16:58:35","date_gmt":"2024-12-20T15:58:35","guid":{"rendered":"https:\/\/staging.parmacalcio1913.com\/?post_type=pr_news&#038;p=51513"},"modified":"2024-12-20T17:00:25","modified_gmt":"2024-12-20T16:00:25","slug":"un-regalo-speciale-per-il-settore-giovanile-del-parma-calcio","status":"publish","type":"pr_news","link":"https:\/\/staging.parmacalcio1913.com\/en\/news\/un-regalo-speciale-per-il-settore-giovanile-del-parma-calcio\/","title":{"rendered":"UN REGALO SPECIALE PER IL SETTORE GIOVANILE DEL PARMA CALCIO"},"content":{"rendered":"<p>[swp_content page_og_title=&#8221;UN REGALO SPECIALE PER IL SETTORE GIOVANILE DEL PARMA CALCIO&#8221; page_og_description=&#8221;null&#8221; page_og_type=&#8221;null&#8221; page_og_image=&#8221;https:\/\/staging.parmacalcio1913.com\/wp-content\/uploads\/_ogs\/16_bonny-scaled-20241220153232.webp&#8221; page_keywords=&#8221;null&#8221; page_description=&#8221;null&#8221; page_on_app=&#8221;1&#8243; page_on_home=&#8221;1&#8243; news_cover=&#8221;https:\/\/staging.parmacalcio1913.com\/wp-content\/uploads\/_news\/16_bonny-scaled-20241220153244.webp&#8221; ][swp_wrapper  id=&#8221;id&#8221;  order=&#8221;1&#8243;  name=&#8221;blocco 1&#8243; option_wrapper_color=&#8221;1&#8243; option_wrapper_image=&#8221;1&#8243; ][swp_hero_mini  id=&#8221;0&#8243;  type=&#8221;hero_mini&#8221;  order=&#8221;1&#8243;  name=&#8221;hero_mini&#8221; option_header_mini=&#8221;1&#8243; option_component_anchor=&#8221;null&#8221; option_component_padding=&#8221;[]&#8221; data_hero_title=&#8221;UN REGALO SPECIALE PER IL SETTORE GIOVANILE DEL PARMA CALCIO&#8221; data_hero_image=&#8221;https:\/\/staging.parmacalcio1913.com\/wp-content\/uploads\/_heros\/16_bonny-scaled-20241220153300.webp&#8221; data_hero_align_r=&#8221;1&#8243; data_hero_align=&#8221;1&#8243; data_hero_image_responsive=&#8221;https:\/\/staging.parmacalcio1913.com\/wp-content\/uploads\/_heros\/16_bonny-scaled-20241220153515.webp&#8221; data_icon_image_alt=&#8221;null&#8221; ][\/swp_hero_mini][swp_base_p  id=&#8221;1&#8243;  type=&#8221;base_p&#8221;  order=&#8221;2&#8243;  name=&#8221;base_p&#8221; option_component_anchor=&#8221;null&#8221; option_component_padding=&#8221;[]&#8221; data_box_title=&#8221;null&#8221; data_box_subtitle=&#8221;null&#8221; data_box_text=&#8221;<\/p>\n<p><em>Parma, 20 dicembre 2024<\/em> \u2013 Festivit\u00e0 all\u2019insegna dello sport e della condivisione per il Settore Giovanile del Parma Calcio. I ragazzi delle squadre giovanili maschili hanno ricevuto un regalo molto speciale: una maglia del Parma, consegnata direttamente al campo Stuard di San Pancrazio da alcuni ospiti d\u2019eccezione.<\/p>\n<p><\/p>\n<p>Ai giovani atleti delle formazioni Under 12, 13 e 14, durante le rispettive sedute di allenamento, sono stati i calciatori della Prima Squadra Maschile, <strong>Botond Balogh<\/strong> e <strong>Anas Haj Mohamed<\/strong>, a portare i regali. Entrambi hanno un legame speciale con il Settore Giovanile gialloblu, avendo mosso i primi passi nella Primavera del Parma, prima di approdare alla Serie A.<\/p>\n<p>&#8221; data_box_twitch=&#8221;null&#8221; data_box_instagram=&#8221;null&#8221; data_box_tiktok=&#8221;null&#8221; data_box_twitter=&#8221;null&#8221; data_box_youtube=&#8221;null&#8221; data_box_facebook=&#8221;null&#8221; ][\/swp_base_p][swp_image  id=&#8221;2&#8243;  type=&#8221;image&#8221;  order=&#8221;3&#8243;  name=&#8221;image&#8221; option_component_anchor=&#8221;null&#8221; option_component_padding=&#8221;[]&#8221; data_box_image=&#8221;https:\/\/staging.parmacalcio1913.com\/wp-content\/uploads\/_heros\/cover-scaled-20241220153542.webp&#8221; data_box_image_mini=&#8221;1&#8243; data_box_image_alt=&#8221;null&#8221; data_box_image_description=&#8221;null&#8221; ][\/swp_image][swp_base_p  id=&#8221;3&#8243;  type=&#8221;base_p&#8221;  order=&#8221;4&#8243;  name=&#8221;base_p&#8221; option_component_anchor=&#8221;null&#8221; option_component_padding=&#8221;[]&#8221; data_box_title=&#8221;null&#8221; data_box_subtitle=&#8221;null&#8221; data_box_text=&#8221;<\/p>\n<p>Prima della consegna, il Responsabile Tecnico dell\u2019Attivit\u00e0 di Base, Gianluca Baschieri, ha preso la parola: &#8216;Volevamo farvi una sorpresa speciale prima dell\u2019inizio delle festivit\u00e0 e abbiamo pensato di portare qui al campo d\u2019allenamento due calciatori che, come voi, sono passati dal Settore Giovanile gialloblu e oggi giocano in Prima Squadra. Saranno loro a consegnarvi i regali natalizi e avrete l\u2019opportunit\u00e0 di fargli qualche domanda, dando sfogo alla vostra curiosit\u00e0 con i calciatori che oggi vedete in tiv\u00f9, ma che qualche anno fa si allenavano nel Settore Giovanile, proprio come voi&#8217;.<\/p>\n<p><\/p>\n<p>I giovani atleti hanno approfittato del momento per chiedere ai loro beniamini consigli e curiosit\u00e0 sul percorso che li ha portati fino alla Serie A. Balogh e Anas hanno risposto sottolineando l\u2019importanza del lavoro quotidiano e, soprattutto, della forza mentale, elementi indispensabili per raggiungere grandi traguardi. Invitato poi a parlare del suo esordio in Serie A, Balogh ha raccontato: &#8216;Ho esordito a San Siro contro l\u2019Inter a 19 anni. Debuttare in uno stadio cos\u00ec iconico, contro un avversario di quel calibro, \u00e8 stato fantastico. Anche se era il periodo del Covid e lo stadio era vuoto, l\u2019emozione \u00e8 stata enorme&#8217;. Anas, invece, ha sottolineato: &#8216;Io ho esordito in Serie A quest\u2019anno contro il Lecce, fornendo due assist nella gara terminata 2-2. La mia prima da titolare, invece, \u00e8 stata qualche settimana fa contro la Lazio, dove ho segnato il mio primo gol. Sono stati dei momenti indimenticabili&#8217;.<\/p>\n<p>&#8221; data_box_twitch=&#8221;null&#8221; data_box_instagram=&#8221;null&#8221; data_box_tiktok=&#8221;null&#8221; data_box_twitter=&#8221;null&#8221; data_box_youtube=&#8221;null&#8221; data_box_facebook=&#8221;null&#8221; ][\/swp_base_p][swp_image  id=&#8221;4&#8243;  type=&#8221;image&#8221;  order=&#8221;5&#8243;  name=&#8221;image&#8221; option_component_anchor=&#8221;null&#8221; option_component_padding=&#8221;[]&#8221; data_box_image=&#8221;https:\/\/staging.parmacalcio1913.com\/wp-content\/uploads\/_heros\/2_bonny-scaled-20241220152944.webp&#8221; data_box_image_mini=&#8221;1&#8243; data_box_image_alt=&#8221;null&#8221; data_box_image_description=&#8221;null&#8221; ][\/swp_image][swp_base_p  id=&#8221;5&#8243;  type=&#8221;base_p&#8221;  order=&#8221;6&#8243;  name=&#8221;base_p&#8221; option_component_anchor=&#8221;null&#8221; option_component_padding=&#8221;[]&#8221; data_box_title=&#8221;null&#8221; data_box_subtitle=&#8221;null&#8221; data_box_text=&#8221;<\/p>\n<p>La festa \u00e8 proseguita il giorno successivo con i pi\u00f9 piccoli, i calciatori delle formazioni Under 8, 9, 10 e 11, che hanno ricevuto i regali dal loro idolo <strong>Ange-Yoan Bonny<\/strong>, in una veste del tutto inaspettata. Travestito inizialmente da membro dello staff tecnico, Bonny ha poi svelato la sua identit\u00e0, scatenando stupore e gioia tra i piccoli calciatori gialloblu. L&#8217;attaccante ha, poi, consegnato e autografato le maglie per tutti i bambini, donando loro un\u2019esperienza unica.<\/p>\n<p><\/p>\n<p>Un momento di festa che ha consolidato ulteriormente il legame tra il Parma Calcio e i suoi giovani talenti, con il Responsabile del Settore Giovanile, Mattia Notari, che ha voluto rivolgere un pensiero speciale ai ragazzi: &#8216;Con l&#8217;arrivo delle Feste voglio cogliere l&#8217;occasione per ringraziarvi per l&#8217;impegno, la passione ed i valori che ogni giorno portate sul campo e nella nostra grande famiglia gialloblu. Questo di fine anno \u00e8 un momento speciale per riflettere sui traguardi raggiunti e per guardare con entusiasmo al futuro, nel desiderio di crescere insieme, di migliorarci e di condividere momenti di gioia e sportivit\u00e0&#8217;.<\/p>\n<p>&#8221; data_box_twitch=&#8221;null&#8221; data_box_instagram=&#8221;null&#8221; data_box_tiktok=&#8221;null&#8221; data_box_twitter=&#8221;null&#8221; data_box_youtube=&#8221;null&#8221; data_box_facebook=&#8221;null&#8221; ][\/swp_base_p][swp_gallery  id=&#8221;6&#8243;  type=&#8221;gallery&#8221;  order=&#8221;7&#8243;  name=&#8221;gallery&#8221; option_component_anchor=&#8221;null&#8221; option_component_padding=&#8221;[]&#8221; data_gallery_preview=&#8221;51524&#8243; data_gallery_title=&#8221;null&#8221; data_gallery_symbol=&#8221;0&#8243; data_gallery_medias=&#8221;null&#8221; ][\/swp_gallery][\/swp_wrapper][\/swp_content]<\/p>\n","protected":false},"excerpt":{"rendered":"<p>[swp_content page_og_title=&#8221;UN REGALO SPECIALE PER IL SETTORE GIOVANILE DEL PARMA CALCIO&#8221; page_og_description=&#8221;null&#8221; page_og_type=&#8221;null&#8221; page_og_image=&#8221;https:\/\/staging.parmacalcio1913.com\/wp-content\/uploads\/_ogs\/16_bonny-scaled-20241220153232.webp&#8221; page_keywords=&#8221;null&#8221; page_description=&#8221;null&#8221; page_on_app=&#8221;1&#8243; page_on_home=&#8221;1&#8243; news_cover=&#8221;https:\/\/staging.parmacalcio1913.com\/wp-content\/uploads\/_news\/16_bonny-scaled-20241220153244.webp&#8221; ][swp_wrapper id=&#8221;id&#8221; order=&#8221;1&#8243; name=&#8221;blocco 1&#8243; option_wrapper_color=&#8221;1&#8243; option_wrapper_image=&#8221;1&#8243; ][swp_hero_mini id=&#8221;0&#8243; type=&#8221;hero_mini&#8221; order=&#8221;1&#8243; name=&#8221;hero_mini&#8221; option_header_mini=&#8221;1&#8243; option_component_anchor=&#8221;null&#8221; option_component_padding=&#8221;[]&#8221; data_hero_title=&#8221;UN REGALO SPECIALE PER IL SETTORE GIOVANILE DEL PARMA CALCIO&#8221; data_hero_image=&#8221;https:\/\/staging.parmacalcio1913.com\/wp-content\/uploads\/_heros\/16_bonny-scaled-20241220153300.webp&#8221; data_hero_align_r=&#8221;1&#8243; data_hero_align=&#8221;1&#8243; data_hero_image_responsive=&#8221;https:\/\/staging.parmacalcio1913.com\/wp-content\/uploads\/_heros\/16_bonny-scaled-20241220153515.webp&#8221; data_icon_image_alt=&#8221;null&#8221; ][\/swp_hero_mini][swp_base_p id=&#8221;1&#8243; type=&#8221;base_p&#8221; order=&#8221;2&#8243; name=&#8221;base_p&#8221; option_component_anchor=&#8221;null&#8221; [&hellip;]<\/p>\n","protected":false},"author":21,"featured_media":0,"menu_order":0,"template":"","format":"standard","meta":{"footnotes":""},"categories":[65],"tags":[109],"class_list":["post-51513","pr_news","type-pr_news","status-publish","format-standard","hentry","category-giovanili","tag-giovanili-maschili"],"yoast_head":"<!-- This site is optimized with the Yoast SEO plugin v27.4 - https:\/\/yoast.com\/product\/yoast-seo-wordpress\/ -->\n<title>UN REGALO SPECIALE PER IL SETTORE GIOVANILE DEL PARMA CALCIO - Staging Parma Calcio 1913<\/title>\n<meta name=\"robots\" content=\"noindex, follow, max-snippet:-1, max-image-preview:large, max-video-preview:-1\" \/>\n<meta property=\"og:locale\" content=\"en_US\" \/>\n<meta property=\"og:type\" content=\"article\" \/>\n<meta property=\"og:title\" content=\"UN REGALO SPECIALE PER IL SETTORE GIOVANILE DEL PARMA CALCIO - Staging Parma Calcio 1913\" \/>\n<meta property=\"og:description\" content=\"[swp_content page_og_title=&#8221;UN REGALO SPECIALE PER IL SETTORE GIOVANILE DEL PARMA CALCIO&#8221; page_og_description=&#8221;null&#8221; page_og_type=&#8221;null&#8221; page_og_image=&#8221;https:\/\/staging.parmacalcio1913.com\/wp-content\/uploads\/_ogs\/16_bonny-scaled-20241220153232.webp&#8221; page_keywords=&#8221;null&#8221; page_description=&#8221;null&#8221; page_on_app=&#8221;1&#8243; page_on_home=&#8221;1&#8243; news_cover=&#8221;https:\/\/staging.parmacalcio1913.com\/wp-content\/uploads\/_news\/16_bonny-scaled-20241220153244.webp&#8221; ][swp_wrapper id=&#8221;id&#8221; order=&#8221;1&#8243; name=&#8221;blocco 1&#8243; option_wrapper_color=&#8221;1&#8243; option_wrapper_image=&#8221;1&#8243; ][swp_hero_mini id=&#8221;0&#8243; type=&#8221;hero_mini&#8221; order=&#8221;1&#8243; name=&#8221;hero_mini&#8221; option_header_mini=&#8221;1&#8243; option_component_anchor=&#8221;null&#8221; option_component_padding=&#8221;[]&#8221; data_hero_title=&#8221;UN REGALO SPECIALE PER IL SETTORE GIOVANILE DEL PARMA CALCIO&#8221; data_hero_image=&#8221;https:\/\/staging.parmacalcio1913.com\/wp-content\/uploads\/_heros\/16_bonny-scaled-20241220153300.webp&#8221; data_hero_align_r=&#8221;1&#8243; data_hero_align=&#8221;1&#8243; data_hero_image_responsive=&#8221;https:\/\/staging.parmacalcio1913.com\/wp-content\/uploads\/_heros\/16_bonny-scaled-20241220153515.webp&#8221; data_icon_image_alt=&#8221;null&#8221; ][\/swp_hero_mini][swp_base_p id=&#8221;1&#8243; type=&#8221;base_p&#8221; order=&#8221;2&#8243; name=&#8221;base_p&#8221; option_component_anchor=&#8221;null&#8221; [&hellip;]\" \/>\n<meta property=\"og:url\" content=\"https:\/\/staging.parmacalcio1913.com\/en\/news\/un-regalo-speciale-per-il-settore-giovanile-del-parma-calcio\/\" \/>\n<meta property=\"og:site_name\" content=\"Staging Parma Calcio 1913\" \/>\n<meta property=\"article:publisher\" content=\"https:\/\/www.facebook.com\/parmacalcio1913\/yoast\" \/>\n<meta property=\"article:modified_time\" content=\"2024-12-20T16:00:25+00:00\" \/>\n<meta name=\"twitter:card\" content=\"summary_large_image\" \/>\n<meta name=\"twitter:label1\" content=\"Est. reading time\" \/>\n\t<meta name=\"twitter:data1\" content=\"4 minutes\" \/>\n<script type=\"application\/ld+json\" class=\"yoast-schema-graph\">{\"@context\":\"https:\\\/\\\/schema.org\",\"@graph\":[{\"@type\":\"WebPage\",\"@id\":\"https:\\\/\\\/staging.parmacalcio1913.com\\\/en\\\/news\\\/un-regalo-speciale-per-il-settore-giovanile-del-parma-calcio\\\/\",\"url\":\"https:\\\/\\\/staging.parmacalcio1913.com\\\/en\\\/news\\\/un-regalo-speciale-per-il-settore-giovanile-del-parma-calcio\\\/\",\"name\":\"UN REGALO SPECIALE PER IL SETTORE GIOVANILE DEL PARMA CALCIO - Staging Parma Calcio 1913\",\"isPartOf\":{\"@id\":\"https:\\\/\\\/staging.parmacalcio1913.com\\\/en\\\/#website\"},\"datePublished\":\"2024-12-20T15:58:35+00:00\",\"dateModified\":\"2024-12-20T16:00:25+00:00\",\"breadcrumb\":{\"@id\":\"https:\\\/\\\/staging.parmacalcio1913.com\\\/en\\\/news\\\/un-regalo-speciale-per-il-settore-giovanile-del-parma-calcio\\\/#breadcrumb\"},\"inLanguage\":\"en-US\",\"potentialAction\":[{\"@type\":\"ReadAction\",\"target\":[\"https:\\\/\\\/staging.parmacalcio1913.com\\\/en\\\/news\\\/un-regalo-speciale-per-il-settore-giovanile-del-parma-calcio\\\/\"]}]},{\"@type\":\"BreadcrumbList\",\"@id\":\"https:\\\/\\\/staging.parmacalcio1913.com\\\/en\\\/news\\\/un-regalo-speciale-per-il-settore-giovanile-del-parma-calcio\\\/#breadcrumb\",\"itemListElement\":[{\"@type\":\"ListItem\",\"position\":1,\"name\":\"Home\",\"item\":\"https:\\\/\\\/staging.parmacalcio1913.com\\\/en\\\/\"},{\"@type\":\"ListItem\",\"position\":2,\"name\":\"News\",\"item\":\"https:\\\/\\\/staging.parmacalcio1913.com\\\/en\\\/news\\\/\"},{\"@type\":\"ListItem\",\"position\":3,\"name\":\"UN REGALO SPECIALE PER IL SETTORE GIOVANILE DEL PARMA CALCIO\"}]},{\"@type\":\"WebSite\",\"@id\":\"https:\\\/\\\/staging.parmacalcio1913.com\\\/en\\\/#website\",\"url\":\"https:\\\/\\\/staging.parmacalcio1913.com\\\/en\\\/\",\"name\":\"Staging Parma Calcio 1913\",\"description\":\"\",\"potentialAction\":[{\"@type\":\"SearchAction\",\"target\":{\"@type\":\"EntryPoint\",\"urlTemplate\":\"https:\\\/\\\/staging.parmacalcio1913.com\\\/en\\\/?s={search_term_string}\"},\"query-input\":{\"@type\":\"PropertyValueSpecification\",\"valueRequired\":true,\"valueName\":\"search_term_string\"}}],\"inLanguage\":\"en-US\"}]}<\/script>\n<!-- \/ Yoast SEO plugin. -->","yoast_head_json":{"title":"UN REGALO SPECIALE PER IL SETTORE GIOVANILE DEL PARMA CALCIO - Staging Parma Calcio 1913","robots":{"index":"noindex","follow":"follow","max-snippet":"max-snippet:-1","max-image-preview":"max-image-preview:large","max-video-preview":"max-video-preview:-1"},"og_locale":"en_US","og_type":"article","og_title":"UN REGALO SPECIALE PER IL SETTORE GIOVANILE DEL PARMA CALCIO - Staging Parma Calcio 1913","og_description":"[swp_content page_og_title=&#8221;UN REGALO SPECIALE PER IL SETTORE GIOVANILE DEL PARMA CALCIO&#8221; page_og_description=&#8221;null&#8221; page_og_type=&#8221;null&#8221; page_og_image=&#8221;https:\/\/staging.parmacalcio1913.com\/wp-content\/uploads\/_ogs\/16_bonny-scaled-20241220153232.webp&#8221; page_keywords=&#8221;null&#8221; page_description=&#8221;null&#8221; page_on_app=&#8221;1&#8243; page_on_home=&#8221;1&#8243; news_cover=&#8221;https:\/\/staging.parmacalcio1913.com\/wp-content\/uploads\/_news\/16_bonny-scaled-20241220153244.webp&#8221; ][swp_wrapper id=&#8221;id&#8221; order=&#8221;1&#8243; name=&#8221;blocco 1&#8243; option_wrapper_color=&#8221;1&#8243; option_wrapper_image=&#8221;1&#8243; ][swp_hero_mini id=&#8221;0&#8243; type=&#8221;hero_mini&#8221; order=&#8221;1&#8243; name=&#8221;hero_mini&#8221; option_header_mini=&#8221;1&#8243; option_component_anchor=&#8221;null&#8221; option_component_padding=&#8221;[]&#8221; data_hero_title=&#8221;UN REGALO SPECIALE PER IL SETTORE GIOVANILE DEL PARMA CALCIO&#8221; data_hero_image=&#8221;https:\/\/staging.parmacalcio1913.com\/wp-content\/uploads\/_heros\/16_bonny-scaled-20241220153300.webp&#8221; data_hero_align_r=&#8221;1&#8243; data_hero_align=&#8221;1&#8243; data_hero_image_responsive=&#8221;https:\/\/staging.parmacalcio1913.com\/wp-content\/uploads\/_heros\/16_bonny-scaled-20241220153515.webp&#8221; data_icon_image_alt=&#8221;null&#8221; ][\/swp_hero_mini][swp_base_p id=&#8221;1&#8243; type=&#8221;base_p&#8221; order=&#8221;2&#8243; name=&#8221;base_p&#8221; option_component_anchor=&#8221;null&#8221; [&hellip;]","og_url":"https:\/\/staging.parmacalcio1913.com\/en\/news\/un-regalo-speciale-per-il-settore-giovanile-del-parma-calcio\/","og_site_name":"Staging Parma Calcio 1913","article_publisher":"https:\/\/www.facebook.com\/parmacalcio1913\/yoast","article_modified_time":"2024-12-20T16:00:25+00:00","twitter_card":"summary_large_image","twitter_misc":{"Est. reading time":"4 minutes"},"schema":{"@context":"https:\/\/schema.org","@graph":[{"@type":"WebPage","@id":"https:\/\/staging.parmacalcio1913.com\/en\/news\/un-regalo-speciale-per-il-settore-giovanile-del-parma-calcio\/","url":"https:\/\/staging.parmacalcio1913.com\/en\/news\/un-regalo-speciale-per-il-settore-giovanile-del-parma-calcio\/","name":"UN REGALO SPECIALE PER IL SETTORE GIOVANILE DEL PARMA CALCIO - Staging Parma Calcio 1913","isPartOf":{"@id":"https:\/\/staging.parmacalcio1913.com\/en\/#website"},"datePublished":"2024-12-20T15:58:35+00:00","dateModified":"2024-12-20T16:00:25+00:00","breadcrumb":{"@id":"https:\/\/staging.parmacalcio1913.com\/en\/news\/un-regalo-speciale-per-il-settore-giovanile-del-parma-calcio\/#breadcrumb"},"inLanguage":"en-US","potentialAction":[{"@type":"ReadAction","target":["https:\/\/staging.parmacalcio1913.com\/en\/news\/un-regalo-speciale-per-il-settore-giovanile-del-parma-calcio\/"]}]},{"@type":"BreadcrumbList","@id":"https:\/\/staging.parmacalcio1913.com\/en\/news\/un-regalo-speciale-per-il-settore-giovanile-del-parma-calcio\/#breadcrumb","itemListElement":[{"@type":"ListItem","position":1,"name":"Home","item":"https:\/\/staging.parmacalcio1913.com\/en\/"},{"@type":"ListItem","position":2,"name":"News","item":"https:\/\/staging.parmacalcio1913.com\/en\/news\/"},{"@type":"ListItem","position":3,"name":"UN REGALO SPECIALE PER IL SETTORE GIOVANILE DEL PARMA CALCIO"}]},{"@type":"WebSite","@id":"https:\/\/staging.parmacalcio1913.com\/en\/#website","url":"https:\/\/staging.parmacalcio1913.com\/en\/","name":"Staging Parma Calcio 1913","description":"","potentialAction":[{"@type":"SearchAction","target":{"@type":"EntryPoint","urlTemplate":"https:\/\/staging.parmacalcio1913.com\/en\/?s={search_term_string}"},"query-input":{"@type":"PropertyValueSpecification","valueRequired":true,"valueName":"search_term_string"}}],"inLanguage":"en-US"}]}},"_links":{"self":[{"href":"https:\/\/staging.parmacalcio1913.com\/en\/wp-json\/wp\/v2\/pr_news\/51513","targetHints":{"allow":["GET"]}}],"collection":[{"href":"https:\/\/staging.parmacalcio1913.com\/en\/wp-json\/wp\/v2\/pr_news"}],"about":[{"href":"https:\/\/staging.parmacalcio1913.com\/en\/wp-json\/wp\/v2\/types\/pr_news"}],"author":[{"embeddable":true,"href":"https:\/\/staging.parmacalcio1913.com\/en\/wp-json\/wp\/v2\/users\/21"}],"version-history":[{"count":6,"href":"https:\/\/staging.parmacalcio1913.com\/en\/wp-json\/wp\/v2\/pr_news\/51513\/revisions"}],"predecessor-version":[{"id":51587,"href":"https:\/\/staging.parmacalcio1913.com\/en\/wp-json\/wp\/v2\/pr_news\/51513\/revisions\/51587"}],"wp:attachment":[{"href":"https:\/\/staging.parmacalcio1913.com\/en\/wp-json\/wp\/v2\/media?parent=51513"}],"wp:term":[{"taxonomy":"category","embeddable":true,"href":"https:\/\/staging.parmacalcio1913.com\/en\/wp-json\/wp\/v2\/categories?post=51513"},{"taxonomy":"post_tag","embeddable":true,"href":"https:\/\/staging.parmacalcio1913.com\/en\/wp-json\/wp\/v2\/tags?post=51513"}],"curies":[{"name":"wp","href":"https:\/\/api.w.org\/{rel}","templated":true}]}}