{"id":9267,"date":"2023-09-24T16:24:06","date_gmt":"2023-09-24T14:24:06","guid":{"rendered":"https:\/\/staging.parmacalcio1913.com\/?post_type=pr_news&#038;p=9267"},"modified":"2023-09-26T11:26:48","modified_gmt":"2023-09-26T09:26:48","slug":"inaugurata-la-nuova-area-prosciutto-di-parma-legends","status":"publish","type":"pr_news","link":"https:\/\/staging.parmacalcio1913.com\/en\/news\/inaugurata-la-nuova-area-prosciutto-di-parma-legends\/","title":{"rendered":"INAUGURATA LA NUOVA AREA &#8220;PROSCIUTTO DI PARMA LEGENDS&#8221;"},"content":{"rendered":"<p>[swp_content page_og_title=&#8221;INAUGURATA LA NUOVA AREA \u201dPROSCIUTTO DI PARMA LEGENDS\u201d&#8221; page_og_description=&#8221;null&#8221; page_og_type=&#8221;null&#8221; page_og_image=&#8221;https:\/\/staging.parmacalcio1913.com\/wp-content\/uploads\/_ogs\/Prosciutto_1-scaled-20230924162020.jpg&#8221; page_keywords=&#8221;null&#8221; page_description=&#8221;null&#8221; page_on_app=&#8221;1&#8243; news_cover=&#8221;https:\/\/staging.parmacalcio1913.com\/wp-content\/uploads\/_news\/Prosciutto_1-scaled-20230924162020.png&#8221; ][swp_wrapper  id=&#8221;id&#8221;  order=&#8221;1&#8243;  name=&#8221;blocco 1&#8243; option_wrapper_color=&#8221;1&#8243; option_wrapper_image=&#8221;1&#8243; ][swp_hero_mini  id=&#8221;0&#8243;  type=&#8221;hero_mini&#8221;  order=&#8221;1&#8243;  name=&#8221;hero_mini&#8221; option_header_mini=&#8221;1&#8243; option_component_anchor=&#8221;null&#8221; option_component_padding=&#8221;[]&#8221; data_hero_title=&#8221;INAUGURATA LA NUOVA AREA \u201dPROSCIUTTO DI PARMA LEGENDS\u201d&#8221; data_hero_image=&#8221;https:\/\/staging.parmacalcio1913.com\/wp-content\/uploads\/_heros\/Prosciutto_1-scaled-20230924162020.png&#8221; data_hero_image_responsive=&#8221;https:\/\/staging.parmacalcio1913.com\/wp-content\/uploads\/_heros\/Prosciutto_1-scaled-20230924162020.png&#8221; data_icon_image_alt=&#8221;null&#8221; ][\/swp_hero_mini][swp_base_p  id=&#8221;1&#8243;  type=&#8221;base_p&#8221;  order=&#8221;2&#8243;  name=&#8221;base_p&#8221; option_component_anchor=&#8221;null&#8221; option_component_padding=&#8221;[]&#8221; data_box_title=&#8221;null&#8221; data_box_subtitle=&#8221;null&#8221; data_box_text=&#8221;<\/p>\n<p><em>Parma, 24 settembre 2023<\/em> &#8211; E\u2019 stata inaugurata nel pre-match di Parma-Sampdoria la nuova area \u201c<strong>Prosciutto di Parma Legends<\/strong>\u201d, nata grazie alla partnership fra il Club crociato e il Consorzio del Prosciutto di Parma. Un\u2019area, all\u2019interno dello stadio Ennio Tardini, destinata ad accogliere eventi, ospiti e tifosi e dove si potranno conoscere e gustare i prodotti tipici del Consorzio di Parma.<\/p>\n<p>&nbsp;<\/p>\n<p>Due eccellenze che si uniscono e tornano a creare un connubio che ha fatto la storia dei due brand: alla presenza di tanti ex calciatori (Apolloni, Giandebbiagi, Melli, Osio), di Luca Martines (Managing Director Corporate Parma Calcio) e di Federico Galloni (vice Presidente Consorzio del Prosciutto di Parma), \u00e8 stata inaugurata l\u2019area con uno scambio di regali.<\/p>\n<p>&nbsp;<\/p>\n<p><strong>Luca Martines<\/strong>, Managing Director Corporate del Parma Calcio: \u201c<em>Provo una certa emozione nell\u2019annunciare questa collaborazione, perch\u00e9 la gente ci ha chiesto di lavorare sempre di pi\u00f9 con le aziende del territorio. Il Consorzio \u00e8 un\u2019eccellenza del territorio e, come noi, porta il nome di Parma ovunque. Anche la citt\u00e0 e l\u2019opinione pubblica hanno preso bene questa collaborazione, ci hanno incitato e sollecitato a vedervi l\u2019anno prossimo in una posizione preminente come sponsor<\/em>\u201d.<\/p>\n<p>&nbsp;<\/p>\n<p><strong>Federico Galloni<\/strong>, il vice presidente del Consorzio del Prosciutto di Parma: \u201c<em>Un onore anche per noi, sono due marchi importanti. Siamo molto felici, anche tanti ex calciatori, come Sandro Melli, che portava la maglia di lana con il nostro marchio, mi ha fatto presente quanto era importante questa collaborazione. Intanto, cominciamo da qui che \u00e8 un bel passo. Ci sar\u00e0 una bella area da condividere qui allo stadio<\/em>\u201d.<\/p>\n<p>&#8221; ][\/swp_base_p][swp_image  id=&#8221;2&#8243;  type=&#8221;image&#8221;  order=&#8221;3&#8243;  name=&#8221;image&#8221; option_component_anchor=&#8221;null&#8221; option_component_padding=&#8221;2&#8243; data_box_image=&#8221;https:\/\/staging.parmacalcio1913.com\/wp-content\/uploads\/_heros\/Prosciutto_2-scaled-20230924162314.png&#8221; data_box_image_alt=&#8221;null&#8221; ][\/swp_image][\/swp_wrapper][\/swp_content]<\/p>\n","protected":false},"excerpt":{"rendered":"<p>[swp_content page_og_title=&#8221;INAUGURATA LA NUOVA AREA \u201dPROSCIUTTO DI PARMA LEGENDS\u201d&#8221; page_og_description=&#8221;null&#8221; page_og_type=&#8221;null&#8221; page_og_image=&#8221;https:\/\/staging.parmacalcio1913.com\/wp-content\/uploads\/_ogs\/Prosciutto_1-scaled-20230924162020.jpg&#8221; page_keywords=&#8221;null&#8221; page_description=&#8221;null&#8221; page_on_app=&#8221;1&#8243; news_cover=&#8221;https:\/\/staging.parmacalcio1913.com\/wp-content\/uploads\/_news\/Prosciutto_1-scaled-20230924162020.png&#8221; ][swp_wrapper id=&#8221;id&#8221; order=&#8221;1&#8243; name=&#8221;blocco 1&#8243; option_wrapper_color=&#8221;1&#8243; option_wrapper_image=&#8221;1&#8243; ][swp_hero_mini id=&#8221;0&#8243; type=&#8221;hero_mini&#8221; order=&#8221;1&#8243; name=&#8221;hero_mini&#8221; option_header_mini=&#8221;1&#8243; option_component_anchor=&#8221;null&#8221; option_component_padding=&#8221;[]&#8221; data_hero_title=&#8221;INAUGURATA LA NUOVA AREA \u201dPROSCIUTTO DI PARMA LEGENDS\u201d&#8221; data_hero_image=&#8221;https:\/\/staging.parmacalcio1913.com\/wp-content\/uploads\/_heros\/Prosciutto_1-scaled-20230924162020.png&#8221; data_hero_image_responsive=&#8221;https:\/\/staging.parmacalcio1913.com\/wp-content\/uploads\/_heros\/Prosciutto_1-scaled-20230924162020.png&#8221; data_icon_image_alt=&#8221;null&#8221; ][\/swp_hero_mini][swp_base_p id=&#8221;1&#8243; type=&#8221;base_p&#8221; order=&#8221;2&#8243; name=&#8221;base_p&#8221; option_component_anchor=&#8221;null&#8221; option_component_padding=&#8221;[]&#8221; data_box_title=&#8221;null&#8221; data_box_subtitle=&#8221;null&#8221; data_box_text=&#8221; Parma, 24 settembre [&hellip;]<\/p>\n","protected":false},"author":11,"featured_media":0,"menu_order":0,"template":"","format":"standard","meta":{"footnotes":""},"categories":[64,77,62],"tags":[78],"class_list":["post-9267","pr_news","type-pr_news","status-publish","format-standard","hentry","category-club","category-partner","category-prima-squadra-maschile","tag-partner"],"yoast_head":"<!-- This site is optimized with the Yoast SEO plugin v27.4 - https:\/\/yoast.com\/product\/yoast-seo-wordpress\/ -->\n<title>INAUGURATA LA NUOVA AREA &quot;PROSCIUTTO DI PARMA LEGENDS&quot; - Staging Parma Calcio 1913<\/title>\n<meta name=\"robots\" content=\"noindex, follow, max-snippet:-1, max-image-preview:large, max-video-preview:-1\" \/>\n<meta property=\"og:locale\" content=\"en_US\" \/>\n<meta property=\"og:type\" content=\"article\" \/>\n<meta property=\"og:title\" content=\"INAUGURATA LA NUOVA AREA &quot;PROSCIUTTO DI PARMA LEGENDS&quot; - Staging Parma Calcio 1913\" \/>\n<meta property=\"og:description\" content=\"[swp_content page_og_title=&#8221;INAUGURATA LA NUOVA AREA \u201dPROSCIUTTO DI PARMA LEGENDS\u201d&#8221; page_og_description=&#8221;null&#8221; page_og_type=&#8221;null&#8221; page_og_image=&#8221;https:\/\/staging.parmacalcio1913.com\/wp-content\/uploads\/_ogs\/Prosciutto_1-scaled-20230924162020.jpg&#8221; page_keywords=&#8221;null&#8221; page_description=&#8221;null&#8221; page_on_app=&#8221;1&#8243; news_cover=&#8221;https:\/\/staging.parmacalcio1913.com\/wp-content\/uploads\/_news\/Prosciutto_1-scaled-20230924162020.png&#8221; ][swp_wrapper id=&#8221;id&#8221; order=&#8221;1&#8243; name=&#8221;blocco 1&#8243; option_wrapper_color=&#8221;1&#8243; option_wrapper_image=&#8221;1&#8243; ][swp_hero_mini id=&#8221;0&#8243; type=&#8221;hero_mini&#8221; order=&#8221;1&#8243; name=&#8221;hero_mini&#8221; option_header_mini=&#8221;1&#8243; option_component_anchor=&#8221;null&#8221; option_component_padding=&#8221;[]&#8221; data_hero_title=&#8221;INAUGURATA LA NUOVA AREA \u201dPROSCIUTTO DI PARMA LEGENDS\u201d&#8221; data_hero_image=&#8221;https:\/\/staging.parmacalcio1913.com\/wp-content\/uploads\/_heros\/Prosciutto_1-scaled-20230924162020.png&#8221; data_hero_image_responsive=&#8221;https:\/\/staging.parmacalcio1913.com\/wp-content\/uploads\/_heros\/Prosciutto_1-scaled-20230924162020.png&#8221; data_icon_image_alt=&#8221;null&#8221; ][\/swp_hero_mini][swp_base_p id=&#8221;1&#8243; type=&#8221;base_p&#8221; order=&#8221;2&#8243; name=&#8221;base_p&#8221; option_component_anchor=&#8221;null&#8221; option_component_padding=&#8221;[]&#8221; data_box_title=&#8221;null&#8221; data_box_subtitle=&#8221;null&#8221; data_box_text=&#8221; Parma, 24 settembre [&hellip;]\" \/>\n<meta property=\"og:url\" content=\"https:\/\/staging.parmacalcio1913.com\/en\/news\/inaugurata-la-nuova-area-prosciutto-di-parma-legends\/\" \/>\n<meta property=\"og:site_name\" content=\"Staging Parma Calcio 1913\" \/>\n<meta property=\"article:publisher\" content=\"https:\/\/www.facebook.com\/parmacalcio1913\/yoast\" \/>\n<meta property=\"article:modified_time\" content=\"2023-09-26T09:26:48+00:00\" \/>\n<meta name=\"twitter:card\" content=\"summary_large_image\" \/>\n<meta name=\"twitter:label1\" content=\"Est. reading time\" \/>\n\t<meta name=\"twitter:data1\" content=\"2 minutes\" \/>\n<script type=\"application\/ld+json\" class=\"yoast-schema-graph\">{\"@context\":\"https:\\\/\\\/schema.org\",\"@graph\":[{\"@type\":\"WebPage\",\"@id\":\"https:\\\/\\\/staging.parmacalcio1913.com\\\/en\\\/news\\\/inaugurata-la-nuova-area-prosciutto-di-parma-legends\\\/\",\"url\":\"https:\\\/\\\/staging.parmacalcio1913.com\\\/en\\\/news\\\/inaugurata-la-nuova-area-prosciutto-di-parma-legends\\\/\",\"name\":\"INAUGURATA LA NUOVA AREA \\\"PROSCIUTTO DI PARMA LEGENDS\\\" - Staging Parma Calcio 1913\",\"isPartOf\":{\"@id\":\"https:\\\/\\\/staging.parmacalcio1913.com\\\/en\\\/#website\"},\"datePublished\":\"2023-09-24T14:24:06+00:00\",\"dateModified\":\"2023-09-26T09:26:48+00:00\",\"breadcrumb\":{\"@id\":\"https:\\\/\\\/staging.parmacalcio1913.com\\\/en\\\/news\\\/inaugurata-la-nuova-area-prosciutto-di-parma-legends\\\/#breadcrumb\"},\"inLanguage\":\"en-US\",\"potentialAction\":[{\"@type\":\"ReadAction\",\"target\":[\"https:\\\/\\\/staging.parmacalcio1913.com\\\/en\\\/news\\\/inaugurata-la-nuova-area-prosciutto-di-parma-legends\\\/\"]}]},{\"@type\":\"BreadcrumbList\",\"@id\":\"https:\\\/\\\/staging.parmacalcio1913.com\\\/en\\\/news\\\/inaugurata-la-nuova-area-prosciutto-di-parma-legends\\\/#breadcrumb\",\"itemListElement\":[{\"@type\":\"ListItem\",\"position\":1,\"name\":\"Home\",\"item\":\"https:\\\/\\\/staging.parmacalcio1913.com\\\/en\\\/\"},{\"@type\":\"ListItem\",\"position\":2,\"name\":\"News\",\"item\":\"https:\\\/\\\/staging.parmacalcio1913.com\\\/en\\\/news\\\/\"},{\"@type\":\"ListItem\",\"position\":3,\"name\":\"INAUGURATA LA NUOVA AREA &#8220;PROSCIUTTO DI PARMA LEGENDS&#8221;\"}]},{\"@type\":\"WebSite\",\"@id\":\"https:\\\/\\\/staging.parmacalcio1913.com\\\/en\\\/#website\",\"url\":\"https:\\\/\\\/staging.parmacalcio1913.com\\\/en\\\/\",\"name\":\"Staging Parma Calcio 1913\",\"description\":\"\",\"potentialAction\":[{\"@type\":\"SearchAction\",\"target\":{\"@type\":\"EntryPoint\",\"urlTemplate\":\"https:\\\/\\\/staging.parmacalcio1913.com\\\/en\\\/?s={search_term_string}\"},\"query-input\":{\"@type\":\"PropertyValueSpecification\",\"valueRequired\":true,\"valueName\":\"search_term_string\"}}],\"inLanguage\":\"en-US\"}]}<\/script>\n<!-- \/ Yoast SEO plugin. -->","yoast_head_json":{"title":"INAUGURATA LA NUOVA AREA \"PROSCIUTTO DI PARMA LEGENDS\" - Staging Parma Calcio 1913","robots":{"index":"noindex","follow":"follow","max-snippet":"max-snippet:-1","max-image-preview":"max-image-preview:large","max-video-preview":"max-video-preview:-1"},"og_locale":"en_US","og_type":"article","og_title":"INAUGURATA LA NUOVA AREA \"PROSCIUTTO DI PARMA LEGENDS\" - Staging Parma Calcio 1913","og_description":"[swp_content page_og_title=&#8221;INAUGURATA LA NUOVA AREA \u201dPROSCIUTTO DI PARMA LEGENDS\u201d&#8221; page_og_description=&#8221;null&#8221; page_og_type=&#8221;null&#8221; page_og_image=&#8221;https:\/\/staging.parmacalcio1913.com\/wp-content\/uploads\/_ogs\/Prosciutto_1-scaled-20230924162020.jpg&#8221; page_keywords=&#8221;null&#8221; page_description=&#8221;null&#8221; page_on_app=&#8221;1&#8243; news_cover=&#8221;https:\/\/staging.parmacalcio1913.com\/wp-content\/uploads\/_news\/Prosciutto_1-scaled-20230924162020.png&#8221; ][swp_wrapper id=&#8221;id&#8221; order=&#8221;1&#8243; name=&#8221;blocco 1&#8243; option_wrapper_color=&#8221;1&#8243; option_wrapper_image=&#8221;1&#8243; ][swp_hero_mini id=&#8221;0&#8243; type=&#8221;hero_mini&#8221; order=&#8221;1&#8243; name=&#8221;hero_mini&#8221; option_header_mini=&#8221;1&#8243; option_component_anchor=&#8221;null&#8221; option_component_padding=&#8221;[]&#8221; data_hero_title=&#8221;INAUGURATA LA NUOVA AREA \u201dPROSCIUTTO DI PARMA LEGENDS\u201d&#8221; data_hero_image=&#8221;https:\/\/staging.parmacalcio1913.com\/wp-content\/uploads\/_heros\/Prosciutto_1-scaled-20230924162020.png&#8221; data_hero_image_responsive=&#8221;https:\/\/staging.parmacalcio1913.com\/wp-content\/uploads\/_heros\/Prosciutto_1-scaled-20230924162020.png&#8221; data_icon_image_alt=&#8221;null&#8221; ][\/swp_hero_mini][swp_base_p id=&#8221;1&#8243; type=&#8221;base_p&#8221; order=&#8221;2&#8243; name=&#8221;base_p&#8221; option_component_anchor=&#8221;null&#8221; option_component_padding=&#8221;[]&#8221; data_box_title=&#8221;null&#8221; data_box_subtitle=&#8221;null&#8221; data_box_text=&#8221; Parma, 24 settembre [&hellip;]","og_url":"https:\/\/staging.parmacalcio1913.com\/en\/news\/inaugurata-la-nuova-area-prosciutto-di-parma-legends\/","og_site_name":"Staging Parma Calcio 1913","article_publisher":"https:\/\/www.facebook.com\/parmacalcio1913\/yoast","article_modified_time":"2023-09-26T09:26:48+00:00","twitter_card":"summary_large_image","twitter_misc":{"Est. reading time":"2 minutes"},"schema":{"@context":"https:\/\/schema.org","@graph":[{"@type":"WebPage","@id":"https:\/\/staging.parmacalcio1913.com\/en\/news\/inaugurata-la-nuova-area-prosciutto-di-parma-legends\/","url":"https:\/\/staging.parmacalcio1913.com\/en\/news\/inaugurata-la-nuova-area-prosciutto-di-parma-legends\/","name":"INAUGURATA LA NUOVA AREA \"PROSCIUTTO DI PARMA LEGENDS\" - Staging Parma Calcio 1913","isPartOf":{"@id":"https:\/\/staging.parmacalcio1913.com\/en\/#website"},"datePublished":"2023-09-24T14:24:06+00:00","dateModified":"2023-09-26T09:26:48+00:00","breadcrumb":{"@id":"https:\/\/staging.parmacalcio1913.com\/en\/news\/inaugurata-la-nuova-area-prosciutto-di-parma-legends\/#breadcrumb"},"inLanguage":"en-US","potentialAction":[{"@type":"ReadAction","target":["https:\/\/staging.parmacalcio1913.com\/en\/news\/inaugurata-la-nuova-area-prosciutto-di-parma-legends\/"]}]},{"@type":"BreadcrumbList","@id":"https:\/\/staging.parmacalcio1913.com\/en\/news\/inaugurata-la-nuova-area-prosciutto-di-parma-legends\/#breadcrumb","itemListElement":[{"@type":"ListItem","position":1,"name":"Home","item":"https:\/\/staging.parmacalcio1913.com\/en\/"},{"@type":"ListItem","position":2,"name":"News","item":"https:\/\/staging.parmacalcio1913.com\/en\/news\/"},{"@type":"ListItem","position":3,"name":"INAUGURATA LA NUOVA AREA &#8220;PROSCIUTTO DI PARMA LEGENDS&#8221;"}]},{"@type":"WebSite","@id":"https:\/\/staging.parmacalcio1913.com\/en\/#website","url":"https:\/\/staging.parmacalcio1913.com\/en\/","name":"Staging Parma Calcio 1913","description":"","potentialAction":[{"@type":"SearchAction","target":{"@type":"EntryPoint","urlTemplate":"https:\/\/staging.parmacalcio1913.com\/en\/?s={search_term_string}"},"query-input":{"@type":"PropertyValueSpecification","valueRequired":true,"valueName":"search_term_string"}}],"inLanguage":"en-US"}]}},"_links":{"self":[{"href":"https:\/\/staging.parmacalcio1913.com\/en\/wp-json\/wp\/v2\/pr_news\/9267","targetHints":{"allow":["GET"]}}],"collection":[{"href":"https:\/\/staging.parmacalcio1913.com\/en\/wp-json\/wp\/v2\/pr_news"}],"about":[{"href":"https:\/\/staging.parmacalcio1913.com\/en\/wp-json\/wp\/v2\/types\/pr_news"}],"author":[{"embeddable":true,"href":"https:\/\/staging.parmacalcio1913.com\/en\/wp-json\/wp\/v2\/users\/11"}],"version-history":[{"count":2,"href":"https:\/\/staging.parmacalcio1913.com\/en\/wp-json\/wp\/v2\/pr_news\/9267\/revisions"}],"predecessor-version":[{"id":9277,"href":"https:\/\/staging.parmacalcio1913.com\/en\/wp-json\/wp\/v2\/pr_news\/9267\/revisions\/9277"}],"wp:attachment":[{"href":"https:\/\/staging.parmacalcio1913.com\/en\/wp-json\/wp\/v2\/media?parent=9267"}],"wp:term":[{"taxonomy":"category","embeddable":true,"href":"https:\/\/staging.parmacalcio1913.com\/en\/wp-json\/wp\/v2\/categories?post=9267"},{"taxonomy":"post_tag","embeddable":true,"href":"https:\/\/staging.parmacalcio1913.com\/en\/wp-json\/wp\/v2\/tags?post=9267"}],"curies":[{"name":"wp","href":"https:\/\/api.w.org\/{rel}","templated":true}]}}